{"id":535,"date":"2019-04-07T21:15:26","date_gmt":"2019-04-07T19:15:26","guid":{"rendered":"http:\/\/clg-camille-claudel-latresne.fr\/journal\/?p=535"},"modified":"2020-11-22T16:51:26","modified_gmt":"2020-11-22T15:51:26","slug":"museum-dhistoire-naturelle-bordeaux","status":"publish","type":"post","link":"https:\/\/clg-camille-claudel-latresne.fr\/journal\/museum-dhistoire-naturelle-bordeaux\/","title":{"rendered":"Mus\u00e9um d&rsquo;histoire naturelle Bordeaux"},"content":{"rendered":"<p style=\"text-align: justify;\"><span style=\"font-size: 16px;\">Ferm\u00e9 depuis juin 2009, pour des travaux de r\u00e9novation et de mise en s\u00e9curit\u00e9 (agrandissement), le Mus\u00e9um d&rsquo;histoire naturelle de Bordeaux, situ\u00e9 au Jardin Public, a r\u00e9-ouvert ses portes le 31 mars 2019. C&rsquo;est un mus\u00e9e qui regroupe plusieurs collections d&rsquo;animaux naturalis\u00e9s au cours de l&rsquo;Histoire . Depuis sa r\u00e9ouverture, il abrite de nouvelles expositions temporaires, semi-permanentes et permanentes. Dans cette troisi\u00e8me exposition (la nature vue par les hommes) on peut voir, entre autre : l\u2019\u00e9l\u00e9phant Fanny, un squelette de rorqual bleu et un ours blanc.<\/span><\/p>\n<h2><span style=\"font-size: 16px;\">&nbsp;Que pouvons-nous y voir ?<\/span><\/h2>\n<p align=\"justify\"><span style=\"color: #333333; font-size: 16px;\">Nous pouvons y voir sp\u00e9cimens du monde entier : des animaux d\u00e9naturalis\u00e9s (reptiles,&#8230;) des squelettes. Depuis la r\u00e9novation nous pouvons aussi voir le squelette de Rorqual bleu, des min\u00e9raux, les \u00ab monstres \u00bb et des mod\u00e8les anatomiques.<\/span><\/p>\n<p align=\"justify\">&nbsp;<\/p>\n<p><a title=\"Museum d'histoire naturelle de Bordeaux [CC BY-SA 4.0 (https:\/\/creativecommons.org\/licenses\/by-sa\/4.0)], via Wikimedia Commons\" href=\"https:\/\/commons.wikimedia.org\/wiki\/File:Collections_du_museum_d%27histoire_naturelle_de_Bordeaux_(3).jpg\"><img decoding=\"async\" class=\"aligncenter\" src=\"https:\/\/upload.wikimedia.org\/wikipedia\/commons\/thumb\/5\/5f\/Collections_du_museum_d%27histoire_naturelle_de_Bordeaux_%283%29.jpg\/512px-Collections_du_museum_d%27histoire_naturelle_de_Bordeaux_%283%29.jpg\" alt=\"Collections du museum d'histoire naturelle de Bordeaux (3)\" width=\"512\"><\/a><\/p>\n<h2 align=\"justify\"><span style=\"color: #000000; font-size: 16px;\">O\u00f9 se situe t-il ?<\/span><\/h2>\n<p align=\"justify\"><span style=\"color: #21409a; font-size: 16px;\"><span style=\"color: #333333;\">Il se situe au jardin public \u00e0 Bordeaux.<\/span> <\/span><\/p>\n<h2 align=\"justify\"><span style=\"font-size: 16px;\"><span style=\"color: #000000;\">D<\/span><span style=\"color: #000000;\">\u00e8s la fermeture, <\/span><span style=\"color: #000000;\">et m\u00eame encore,<\/span><span style=\"color: #000000;\"> d&rsquo;autres activit\u00e9s sont mises en place afin de <\/span><span style=\"color: #000000;\">garder contact avec le public, lesquelles ?<\/span><\/span><\/h2>\n<p align=\"justify\"><span style=\"color: #333333; font-size: 16px;\">Plusieurs activit\u00e9s sont mises en place :&nbsp; <\/span><\/p>\n<ul>\n<li><span style=\"color: #333333; font-size: 16px;\">une biblioth\u00e8que est ouverte au public, sur rendez-vous. <\/span><\/li>\n<li><span style=\"color: #333333;\"><span style=\"font-size: 16px;\">Le disp<\/span><span style=\"font-size: x-large;\"><span style=\"font-size: 16px;\">ositif p\u00e9dagogique \u00ab Le Mus\u00e9um chez vous \u00bb ce dispositif a \u00e9t\u00e9 cr\u00e9\u00e9 pour le public scolaire , de la maternelle au lyc\u00e9e, pour les centres de loisirs, les m\u00e9diath\u00e8ques et les r\u00e9sidences pour seniors ; un m\u00e9diateur se d\u00e9place pour pr\u00e9senter un \u00e9chantillon des collections autour de jeux et d&rsquo;informations.<\/span> <\/span><\/span><\/li>\n<\/ul>\n<p>&nbsp;<\/p>\n<p>D\u00e9couvrez le Museum sur son site Internet :<\/p>\n<p align=\"justify\"><a href=\"https:\/\/www.museum-bordeaux.fr\/accueil\" target=\"_blank\" rel=\"noopener noreferrer\">https:\/\/www.museum-bordeaux.fr\/accueil<\/a><\/p>\n<p align=\"justify\">&nbsp;<\/p>\n<p align=\"justify\">Revivez en photos l&rsquo;inauguration du nouveau mus\u00e9e :<\/p>\n<p align=\"justify\"><a href=\"https:\/\/www.sudouest.fr\/2019\/04\/01\/bordeaux-retour-en-images-sur-la-reouverture-du-museum-5949241-2780.php\" target=\"_blank\" rel=\"noopener noreferrer\">https:\/\/www.sudouest.fr\/2019\/04\/01\/bordeaux-retour-en-images-sur-la-reouverture-du-museum-5949241-2780.php<\/a><\/p>\n<p align=\"justify\">&nbsp;<\/p>\n<p align=\"justify\">&nbsp;<\/p>\n<p align=\"justify\"><em><span style=\"font-size: 14px;\">Victor et Coralie<\/span><\/em><\/p>\n","protected":false},"excerpt":{"rendered":"<p>Ferm\u00e9 depuis juin 2009, pour des travaux de r\u00e9novation et de mise en s\u00e9curit\u00e9 (agrandissement), le Mus\u00e9um d&rsquo;histoire naturelle de&hellip;<\/p>\n","protected":false},"author":8,"featured_media":604,"comment_status":"closed","ping_status":"open","sticky":false,"template":"","format":"standard","meta":{"ngg_post_thumbnail":0},"categories":[7,97],"tags":[74,96,91],"_links":{"self":[{"href":"https:\/\/clg-camille-claudel-latresne.fr\/journal\/wp-json\/wp\/v2\/posts\/535"}],"collection":[{"href":"https:\/\/clg-camille-claudel-latresne.fr\/journal\/wp-json\/wp\/v2\/posts"}],"about":[{"href":"https:\/\/clg-camille-claudel-latresne.fr\/journal\/wp-json\/wp\/v2\/types\/post"}],"author":[{"embeddable":true,"href":"https:\/\/clg-camille-claudel-latresne.fr\/journal\/wp-json\/wp\/v2\/users\/8"}],"replies":[{"embeddable":true,"href":"https:\/\/clg-camille-claudel-latresne.fr\/journal\/wp-json\/wp\/v2\/comments?post=535"}],"version-history":[{"count":10,"href":"https:\/\/clg-camille-claudel-latresne.fr\/journal\/wp-json\/wp\/v2\/posts\/535\/revisions"}],"predecessor-version":[{"id":669,"href":"https:\/\/clg-camille-claudel-latresne.fr\/journal\/wp-json\/wp\/v2\/posts\/535\/revisions\/669"}],"wp:featuredmedia":[{"embeddable":true,"href":"https:\/\/clg-camille-claudel-latresne.fr\/journal\/wp-json\/wp\/v2\/media\/604"}],"wp:attachment":[{"href":"https:\/\/clg-camille-claudel-latresne.fr\/journal\/wp-json\/wp\/v2\/media?parent=535"}],"wp:term":[{"taxonomy":"category","embeddable":true,"href":"https:\/\/clg-camille-claudel-latresne.fr\/journal\/wp-json\/wp\/v2\/categories?post=535"},{"taxonomy":"post_tag","embeddable":true,"href":"https:\/\/clg-camille-claudel-latresne.fr\/journal\/wp-json\/wp\/v2\/tags?post=535"}],"curies":[{"name":"wp","href":"https:\/\/api.w.org\/{rel}","templated":true}]}}